{"help": "https://www.datosabiertos.gob.pa/en_AU/api/3/action/help_show?name=datastore_search", "success": true, "result": {"include_total": true, "limit": 100, "records_format": "objects", "resource_id": "37a01b02-b924-40e4-b0ca-7dd896d99258", "total_estimation_threshold": null, "records": [{"_id":1,"POSICIÓN":1001,"CÉDULA":"8-267-84","NOMBRE":"Deyanira S. de Guevara","CARGO":"Secretaria","DIRECCIÓN/DEPTO":"Concejo Municipal ","ESTADO":"PERMANENTE","FECHA INICIO LABORES":"2024-02-07T00:00:00","SALARIO":"1,050.00","GASTOS DE REPRESENTACIÓN":"","OTROS SUELDOS":""},{"_id":2,"POSICIÓN":2001,"CÉDULA":"8-280-32","NOMBRE":"Antonio Pope","CARGO":"Alcalde Municipal","DIRECCIÓN/DEPTO":"Alcaldía  Municipal ","ESTADO":"PERMANENTE","FECHA INICIO LABORES":"2024-01-07T00:00:00","SALARIO":"3,000.00","GASTOS DE REPRESENTACIÓN":"2,233.33","OTROS SUELDOS":""},{"_id":3,"POSICIÓN":2002,"CÉDULA":"8-779-542","NOMBRE":"Belkis Muñoz Sánchez","CARGO":"Secretaria General","DIRECCIÓN/DEPTO":"Alcaldía  Municipal ","ESTADO":"PERMANENTE","FECHA INICIO LABORES":"2024-02-07T00:00:00","SALARIO":"1,200.00","GASTOS DE REPRESENTACIÓN":"","OTROS SUELDOS":""},{"_id":4,"POSICIÓN":2003,"CÉDULA":"8-1019-1034","NOMBRE":"Richard Domínguez","CARGO":"Relacionista Público ","DIRECCIÓN/DEPTO":"Alcaldía  Municipal ","ESTADO":"PERMANENTE","FECHA INICIO LABORES":"2024-02-07T00:00:00","SALARIO":"700","GASTOS DE REPRESENTACIÓN":"","OTROS SUELDOS":""},{"_id":5,"POSICIÓN":2004,"CÉDULA":"8-979-1188","NOMBRE":"Joel Rafael Martínez","CARGO":"Secretario","DIRECCIÓN/DEPTO":"Alcaldía  Municipal ","ESTADO":"PERMANENTE","FECHA INICIO LABORES":"2023-11-01T00:00:00","SALARIO":"700","GASTOS DE REPRESENTACIÓN":"","OTROS SUELDOS":""},{"_id":6,"POSICIÓN":2005,"CÉDULA":"8-879-1614","NOMBRE":"Billly Madrigal Rivas","CARGO":"Jefe de Asuntos Comunitarios","DIRECCIÓN/DEPTO":"Alcaldía  Municipal ","ESTADO":"PERMANENTE","FECHA INICIO LABORES":"2024-02-07T00:00:00","SALARIO":"1,800.00","GASTOS DE REPRESENTACIÓN":"","OTROS SUELDOS":""},{"_id":7,"POSICIÓN":2006,"CÉDULA":"8-341-782","NOMBRE":"Alvis Navas","CARGO":"Unidad de Desarrollo Social","DIRECCIÓN/DEPTO":"Alcaldía  Municipal ","ESTADO":"PERMANENTE","FECHA INICIO LABORES":"2024-02-09T00:00:00","SALARIO":"700","GASTOS DE REPRESENTACIÓN":"","OTROS SUELDOS":""},{"_id":8,"POSICIÓN":2007,"CÉDULA":"8-911-518","NOMBRE":"Yackelin González Herrera","CARGO":"Secretaria","DIRECCIÓN/DEPTO":"Alcaldía  Municipal ","ESTADO":"PERMANENTE","FECHA INICIO LABORES":"2024-01-04T00:00:00","SALARIO":"600","GASTOS DE REPRESENTACIÓN":"","OTROS SUELDOS":""},{"_id":9,"POSICIÓN":2008,"CÉDULA":"8-748-1180","NOMBRE":"Maritza M. Melfi.","CARGO":"Jefa de Recursos Humanos ","DIRECCIÓN/DEPTO":"Alcaldía  Municipal ","ESTADO":"PERMANENTE","FECHA INICIO LABORES":"2021-02-15T00:00:00","SALARIO":"800","GASTOS DE REPRESENTACIÓN":"","OTROS SUELDOS":""},{"_id":10,"POSICIÓN":2009,"CÉDULA":"8-764-2099","NOMBRE":"Michell De La Cruz","CARGO":"Secretaria","DIRECCIÓN/DEPTO":"Alcaldía  Municipal ","ESTADO":"PERMANENTE","FECHA INICIO LABORES":"2024-02-07T00:00:00","SALARIO":"700","GASTOS DE REPRESENTACIÓN":"","OTROS SUELDOS":""},{"_id":11,"POSICIÓN":2010,"CÉDULA":"2-106-1659","NOMBRE":"Prudencio Bernal","CARGO":"Jefe de mantenimiento de edificio","DIRECCIÓN/DEPTO":"Alcaldía  Municipal ","ESTADO":"PERMANENTE","FECHA INICIO LABORES":"2024-02-09T00:00:00","SALARIO":"600","GASTOS DE REPRESENTACIÓN":"","OTROS SUELDOS":""},{"_id":12,"POSICIÓN":2011,"CÉDULA":"8-300-539","NOMBRE":"Ángel E. Sánchez B.","CARGO":"Administrador de Infoplaza","DIRECCIÓN/DEPTO":"Alcaldía  Municipal ","ESTADO":"PERMANENTE","FECHA INICIO LABORES":"2012-03-01T00:00:00","SALARIO":"650","GASTOS DE REPRESENTACIÓN":"","OTROS SUELDOS":""},{"_id":13,"POSICIÓN":2012,"CÉDULA":"8-767-1928","NOMBRE":"Tatiana M. Vásquez ","CARGO":"Trabajadora Manual","DIRECCIÓN/DEPTO":"Alcaldía  Municipal ","ESTADO":"PERMANENTE","FECHA INICIO LABORES":"2021-04-01T00:00:00","SALARIO":"650","GASTOS DE REPRESENTACIÓN":"","OTROS SUELDOS":""},{"_id":14,"POSICIÓN":2014,"CÉDULA":"8-510-906","NOMBRE":"Alexis Morales","CARGO":"Gestor municipal de riesgo desastre y desarrollo comunitario","DIRECCIÓN/DEPTO":"Alcaldía  Municipal ","ESTADO":"PERMANENTE","FECHA INICIO LABORES":"2024-09-16T00:00:00","SALARIO":"700","GASTOS DE REPRESENTACIÓN":"","OTROS SUELDOS":""},{"_id":15,"POSICIÓN":2015,"CÉDULA":"2-731-2172","NOMBRE":"Alexander Charpentier ","CARGO":"Unidad de Ambiente ","DIRECCIÓN/DEPTO":"Alcaldía  Municipal ","ESTADO":"PERMANENTE","FECHA INICIO LABORES":"2021-07-01T00:00:00","SALARIO":"750","GASTOS DE REPRESENTACIÓN":"","OTROS SUELDOS":""},{"_id":16,"POSICIÓN":2016,"CÉDULA":"8-962-1543","NOMBRE":"Ricardo Andres Higuero Meza","CARGO":"Trabajador de Aseo","DIRECCIÓN/DEPTO":"Alcaldía  Municipal ","ESTADO":"PERMANENTE","FECHA INICIO LABORES":"2023-03-01T00:00:00","SALARIO":"700","GASTOS DE REPRESENTACIÓN":"","OTROS SUELDOS":""},{"_id":17,"POSICIÓN":2017,"CÉDULA":"8-429-175","NOMBRE":"Armando Muñoz Ortega","CARGO":"Trabajador de Aseo","DIRECCIÓN/DEPTO":"Alcaldía  Municipal ","ESTADO":"PERMANENTE","FECHA INICIO LABORES":"2024-12-11T00:00:00","SALARIO":"700","GASTOS DE REPRESENTACIÓN":"","OTROS SUELDOS":""},{"_id":18,"POSICIÓN":2018,"CÉDULA":"8-500-791","NOMBRE":"Julian Martínez Bernal","CARGO":"Trabajador de Aseo","DIRECCIÓN/DEPTO":"Alcaldía  Municipal ","ESTADO":"PERMANENTE","FECHA INICIO LABORES":"2023-04-19T00:00:00","SALARIO":"700","GASTOS DE REPRESENTACIÓN":"","OTROS SUELDOS":""},{"_id":19,"POSICIÓN":2019,"CÉDULA":"8-838-1992","NOMBRE":"Eduardo Herrera","CARGO":"Inspector de Seguridad  ","DIRECCIÓN/DEPTO":"Alcaldía  Municipal ","ESTADO":"PERMANENTE","FECHA INICIO LABORES":"2020-12-31T00:00:00","SALARIO":"700","GASTOS DE REPRESENTACIÓN":"","OTROS SUELDOS":""},{"_id":20,"POSICIÓN":2020,"CÉDULA":"8-717-1854","NOMBRE":"Carlos A. Díaz M.","CARGO":"Conductor","DIRECCIÓN/DEPTO":"Alcaldía  Municipal ","ESTADO":"PERMANENTE","FECHA INICIO LABORES":"2021-04-01T00:00:00","SALARIO":"700","GASTOS DE REPRESENTACIÓN":"","OTROS SUELDOS":""},{"_id":21,"POSICIÓN":3001,"CÉDULA":"8-715-244","NOMBRE":"Lorena España","CARGO":"Tesorera Municipal","DIRECCIÓN/DEPTO":"Tesorería Municipal ","ESTADO":"PERMANENTE","FECHA INICIO LABORES":"2024-02-07T00:00:00","SALARIO":"2,000.00","GASTOS DE REPRESENTACIÓN":"1,283.33","OTROS SUELDOS":""},{"_id":22,"POSICIÓN":3002,"CÉDULA":"8-825-321","NOMBRE":"Ahilin M. García ","CARGO":"Secretaria","DIRECCIÓN/DEPTO":"Tesorería Municipal ","ESTADO":"PERMANENTE","FECHA INICIO LABORES":"2020-07-07T00:00:00","SALARIO":"800","GASTOS DE REPRESENTACIÓN":"","OTROS SUELDOS":""},{"_id":23,"POSICIÓN":3003,"CÉDULA":"2-738-801","NOMBRE":"Edwin Puga","CARGO":"Contador","DIRECCIÓN/DEPTO":"Tesorería Municipal ","ESTADO":"PERMANENTE","FECHA INICIO LABORES":"2024-03-07T00:00:00","SALARIO":"1,200.00","GASTOS DE REPRESENTACIÓN":"","OTROS SUELDOS":""},{"_id":24,"POSICIÓN":3004,"CÉDULA":"2-126-1418","NOMBRE":"Katia De La Cruz","CARGO":"Asistente Contabilidad","DIRECCIÓN/DEPTO":"Tesorería Municipal ","ESTADO":"PERMANENTE","FECHA INICIO LABORES":"2024-02-09T00:00:00","SALARIO":"700","GASTOS DE REPRESENTACIÓN":"","OTROS SUELDOS":""},{"_id":25,"POSICIÓN":3005,"CÉDULA":"4-765-914","NOMBRE":"Priscila Ortíz Rodríguez","CARGO":"Presupuesto","DIRECCIÓN/DEPTO":"Tesorería Municipal ","ESTADO":"PERMANENTE","FECHA INICIO LABORES":"2022-01-07T00:00:00","SALARIO":"900","GASTOS DE REPRESENTACIÓN":"","OTROS SUELDOS":""},{"_id":26,"POSICIÓN":3006,"CÉDULA":"8-799-1414","NOMBRE":"Larry De Gracia Bernal","CARGO":"Compras ","DIRECCIÓN/DEPTO":"Tesorería Municipal ","ESTADO":"PERMANENTE","FECHA INICIO LABORES":"2020-02-10T00:00:00","SALARIO":"900","GASTOS DE REPRESENTACIÓN":"","OTROS SUELDOS":""},{"_id":27,"POSICIÓN":3007,"CÉDULA":"8-966-231","NOMBRE":"Melanie N. Cañizales Pérez ","CARGO":"Cajera ","DIRECCIÓN/DEPTO":"Tesorería Municipal ","ESTADO":"PERMANENTE","FECHA INICIO LABORES":"2020-01-06T00:00:00","SALARIO":"650","GASTOS DE REPRESENTACIÓN":"","OTROS SUELDOS":""},{"_id":28,"POSICIÓN":3009,"CÉDULA":"8-934-865","NOMBRE":"Saúl Gonzalo Solís","CARGO":"Inspector","DIRECCIÓN/DEPTO":"Tesorería Municipal ","ESTADO":"PERMANENTE","FECHA INICIO LABORES":"2021-08-18T00:00:00","SALARIO":"750","GASTOS DE REPRESENTACIÓN":"","OTROS SUELDOS":""},{"_id":29,"POSICIÓN":3010,"CÉDULA":"8-821-608","NOMBRE":"Gloricel Y Sánchez De La Cruz","CARGO":"Catastro  Vehicular","DIRECCIÓN/DEPTO":"Tesorería Municipal ","ESTADO":"PERMANENTE","FECHA INICIO LABORES":"2021-08-18T00:00:00","SALARIO":"650","GASTOS DE REPRESENTACIÓN":"","OTROS SUELDOS":""},{"_id":30,"POSICIÓN":3011,"CÉDULA":"8-845-992","NOMBRE":"Maryorie N. Pérez Vega","CARGO":"Catastro Comercial","DIRECCIÓN/DEPTO":"Tesorería Municipal ","ESTADO":"PERMANENTE","FECHA INICIO LABORES":"2024-02-26T00:00:00","SALARIO":"650","GASTOS DE REPRESENTACIÓN":"","OTROS SUELDOS":""},{"_id":31,"POSICIÓN":3012,"CÉDULA":"8-903-2203","NOMBRE":"Reina Itzel Rodríguez Alonso","CARGO":"Catastro Tierra","DIRECCIÓN/DEPTO":"Tesorería Municipal ","ESTADO":"PERMANENTE","FECHA INICIO LABORES":"2023-08-05T00:00:00","SALARIO":"750","GASTOS DE REPRESENTACIÓN":"","OTROS SUELDOS":""},{"_id":32,"POSICIÓN":3013,"CÉDULA":"8-211-946","NOMBRE":"Alberto Figueroa Figueroa","CARGO":"Almacenista","DIRECCIÓN/DEPTO":"Tesorería Municipal ","ESTADO":"PERMANENTE","FECHA INICIO LABORES":"2024-09-13T00:00:00","SALARIO":"350","GASTOS DE REPRESENTACIÓN":"","OTROS SUELDOS":""},{"_id":33,"POSICIÓN":3101,"CÉDULA":"8-875-236","NOMBRE":"Alexandra Coronado ","CARGO":"Secretaria","DIRECCIÓN/DEPTO":"Control Fiscal ","ESTADO":"PERMANENTE","FECHA INICIO LABORES":"2024-01-10T00:00:00","SALARIO":"600","GASTOS DE REPRESENTACIÓN":"","OTROS SUELDOS":""},{"_id":34,"POSICIÓN":4001,"CÉDULA":"8-756-1398","NOMBRE":"Karina Coronado","CARGO":"Admi. Mercado y Cementerio","DIRECCIÓN/DEPTO":"Mercado Municipal","ESTADO":"PERMANENTE","FECHA INICIO LABORES":"2024-02-09T00:00:00","SALARIO":"600","GASTOS DE REPRESENTACIÓN":"","OTROS SUELDOS":""},{"_id":35,"POSICIÓN":4002,"CÉDULA":"8-295-690","NOMBRE":"Rosaura Hidalgo","CARGO":"Trabajadora Manual","DIRECCIÓN/DEPTO":"Mercado Municipal","ESTADO":"PERMANENTE","FECHA INICIO LABORES":"2024-02-09T00:00:00","SALARIO":"650","GASTOS DE REPRESENTACIÓN":"","OTROS SUELDOS":""},{"_id":36,"POSICIÓN":5001,"CÉDULA":"8-861-1258","NOMBRE":"Zuleyma Almanza","CARGO":"Director de Obras Públicas","DIRECCIÓN/DEPTO":"Ingeniería Municipal ","ESTADO":"PERMANENTE","FECHA INICIO LABORES":"2024-02-07T00:00:00","SALARIO":"3,000.00","GASTOS DE REPRESENTACIÓN":"","OTROS SUELDOS":""},{"_id":37,"POSICIÓN":5002,"CÉDULA":"2-735-112","NOMBRE":"Ángel Ruiz","CARGO":"Asistente de ingeniería","DIRECCIÓN/DEPTO":"Ingeniería Municipal ","ESTADO":"PERMANENTE","FECHA INICIO LABORES":"2024-02-07T00:00:00","SALARIO":"900","GASTOS DE REPRESENTACIÓN":"","OTROS SUELDOS":""},{"_id":38,"POSICIÓN":5003,"CÉDULA":"9-715-2416","NOMBRE":"Laura M. Marín J.","CARGO":"Secretaria","DIRECCIÓN/DEPTO":"Ingeniería Municipal ","ESTADO":"PERMANENTE","FECHA INICIO LABORES":"2019-05-07T00:00:00","SALARIO":"700","GASTOS DE REPRESENTACIÓN":"","OTROS SUELDOS":""},{"_id":39,"POSICIÓN":5004,"CÉDULA":"8-1000-1981","NOMBRE":"Milagros Maybeth Rodríguez","CARGO":"Inspectora Municipal ","DIRECCIÓN/DEPTO":"Ingeniería Municipal ","ESTADO":"PERMANENTE","FECHA INICIO LABORES":"2024-04-07T00:00:00","SALARIO":"650","GASTOS DE REPRESENTACIÓN":"","OTROS SUELDOS":""},{"_id":40,"POSICIÓN":5005,"CÉDULA":"2-722-1061","NOMBRE":"Nadia Vásquez","CARGO":"Inspectora Municipal","DIRECCIÓN/DEPTO":"Ingeniería Municipal ","ESTADO":"PERMANENTE","FECHA INICIO LABORES":"2024-10-24T00:00:00","SALARIO":"650","GASTOS DE REPRESENTACIÓN":"","OTROS SUELDOS":""},{"_id":41,"POSICIÓN":6001,"CÉDULA":"2-148-684","NOMBRE":"Emiliano Magallón","CARGO":"Trabajador de Aseo","DIRECCIÓN/DEPTO":"Aseo y Ornato","ESTADO":"PERMANENTE","FECHA INICIO LABORES":"2008-03-10T00:00:00","SALARIO":"700","GASTOS DE REPRESENTACIÓN":"","OTROS SUELDOS":""},{"_id":42,"POSICIÓN":6002,"CÉDULA":"8-509-800","NOMBRE":"Marcelino Zambrano","CARGO":"Trabajador de Aseo","DIRECCIÓN/DEPTO":"Aseo y Ornato","ESTADO":"PERMANENTE","FECHA INICIO LABORES":"2005-01-01T00:00:00","SALARIO":"700","GASTOS DE REPRESENTACIÓN":"","OTROS SUELDOS":""},{"_id":43,"POSICIÓN":6003,"CÉDULA":"8-918-261","NOMBRE":"Fernando Cortéz","CARGO":"Trabajador de Aseo","DIRECCIÓN/DEPTO":"Aseo y Ornato","ESTADO":"PERMANENTE","FECHA INICIO LABORES":"2025-02-01T00:00:00","SALARIO":"700","GASTOS DE REPRESENTACIÓN":"","OTROS SUELDOS":""},{"_id":44,"POSICIÓN":6004,"CÉDULA":"8-865-1990","NOMBRE":"Rolando Herrera Tuñon","CARGO":"Trabajador de Aseo","DIRECCIÓN/DEPTO":"Aseo y Ornato","ESTADO":"PERMANENTE","FECHA INICIO LABORES":"2024-09-18T00:00:00","SALARIO":"700","GASTOS DE REPRESENTACIÓN":"","OTROS SUELDOS":""},{"_id":45,"POSICIÓN":6005,"CÉDULA":"8-940-127","NOMBRE":"Patrick Castro","CARGO":"Trabajador de Aseo","DIRECCIÓN/DEPTO":"Aseo y Ornato","ESTADO":"PERMANENTE","FECHA INICIO LABORES":"2024-03-07T00:00:00","SALARIO":"700","GASTOS DE REPRESENTACIÓN":"","OTROS SUELDOS":""},{"_id":46,"POSICIÓN":6006,"CÉDULA":"8-724-566","NOMBRE":"Elvis Octavio Martínez","CARGO":"Ayudante General","DIRECCIÓN/DEPTO":"Aseo y Ornato","ESTADO":"PERMANENTE","FECHA INICIO LABORES":"2019-02-12T00:00:00","SALARIO":"700","GASTOS DE REPRESENTACIÓN":"","OTROS SUELDOS":""},{"_id":47,"POSICIÓN":6007,"CÉDULA":"2-723-2000","NOMBRE":"Rubén A. Rivas","CARGO":"Trabajador de Aseo","DIRECCIÓN/DEPTO":"Aseo y Ornato","ESTADO":"PERMANENTE","FECHA INICIO LABORES":"2020-06-01T00:00:00","SALARIO":"700","GASTOS DE REPRESENTACIÓN":"","OTROS SUELDOS":""},{"_id":48,"POSICIÓN":6008,"CÉDULA":"8-254-544","NOMBRE":"Rolando Herrera Santana","CARGO":"Trabajador de Aseo","DIRECCIÓN/DEPTO":"Aseo y Ornato","ESTADO":"PERMANENTE","FECHA INICIO LABORES":"2022-06-21T00:00:00","SALARIO":"700","GASTOS DE REPRESENTACIÓN":"","OTROS SUELDOS":""},{"_id":49,"POSICIÓN":6009,"CÉDULA":"8-869-2301","NOMBRE":"Rubiel Vega","CARGO":"Trabajador de Aseo","DIRECCIÓN/DEPTO":"Aseo y Ornato","ESTADO":"PERMANENTE","FECHA INICIO LABORES":"2024-07-15T00:00:00","SALARIO":"700","GASTOS DE REPRESENTACIÓN":"","OTROS SUELDOS":""},{"_id":50,"POSICIÓN":6010,"CÉDULA":"8-832-1235","NOMBRE":"José Luis De León Soto  ","CARGO":"Trabajador de Aseo","DIRECCIÓN/DEPTO":"Aseo y Ornato","ESTADO":"PERMANENTE","FECHA INICIO LABORES":"2020-07-12T00:00:00","SALARIO":"700","GASTOS DE REPRESENTACIÓN":"","OTROS SUELDOS":""},{"_id":51,"POSICIÓN":6012,"CÉDULA":"8-302-191","NOMBRE":"Jose Gabriel De La Cruz","CARGO":"Trabajador de Aseo","DIRECCIÓN/DEPTO":"Aseo y Ornato","ESTADO":"PERMANENTE","FECHA INICIO LABORES":"2023-03-07T00:00:00","SALARIO":"700","GASTOS DE REPRESENTACIÓN":"","OTROS SUELDOS":""},{"_id":52,"POSICIÓN":6014,"CÉDULA":"2-740-1233","NOMBRE":"Bladimir Sánchez","CARGO":"Trabajador de Aseo","DIRECCIÓN/DEPTO":"Aseo y Ornato","ESTADO":"PERMANENTE","FECHA INICIO LABORES":"2024-03-07T00:00:00","SALARIO":"700","GASTOS DE REPRESENTACIÓN":"","OTROS SUELDOS":""},{"_id":53,"POSICIÓN":6015,"CÉDULA":"8-939-265","NOMBRE":"José  De León S.","CARGO":"Trabajador de Aseo","DIRECCIÓN/DEPTO":"Aseo y Ornato","ESTADO":"PERMANENTE","FECHA INICIO LABORES":"2024-03-07T00:00:00","SALARIO":"700","GASTOS DE REPRESENTACIÓN":"","OTROS SUELDOS":""},{"_id":54,"POSICIÓN":6016,"CÉDULA":"8-338-427","NOMBRE":"Javier Pinto","CARGO":"Conductor","DIRECCIÓN/DEPTO":"Aseo y Ornato","ESTADO":"PERMANENTE","FECHA INICIO LABORES":"2024-01-08T00:00:00","SALARIO":"700","GASTOS DE REPRESENTACIÓN":"","OTROS SUELDOS":""},{"_id":55,"POSICIÓN":6017,"CÉDULA":"8-283-575","NOMBRE":"Leonel Iván Moreno  ","CARGO":"Ayudante General","DIRECCIÓN/DEPTO":"Aseo y Ornato","ESTADO":"PERMANENTE","FECHA INICIO LABORES":"2020-07-08T00:00:00","SALARIO":"700","GASTOS DE REPRESENTACIÓN":"","OTROS SUELDOS":""},{"_id":56,"POSICIÓN":6018,"CÉDULA":"8-927-1348","NOMBRE":"Bladimir Madrigal","CARGO":"Ayudante General","DIRECCIÓN/DEPTO":"Aseo y Ornato","ESTADO":"PERMANENTE","FECHA INICIO LABORES":"2024-12-09T00:00:00","SALARIO":"700","GASTOS DE REPRESENTACIÓN":"","OTROS SUELDOS":""},{"_id":57,"POSICIÓN":7001,"CÉDULA":"8-825-1319","NOMBRE":"Arcenio Moreno R.","CARGO":"Ayudante General","DIRECCIÓN/DEPTO":"Transporte","ESTADO":"PERMANENTE","FECHA INICIO LABORES":"2021-06-15T00:00:00","SALARIO":"700","GASTOS DE REPRESENTACIÓN":"","OTROS SUELDOS":""},{"_id":58,"POSICIÓN":7002,"CÉDULA":"8-715-1025","NOMBRE":"Alonso T. Coronado C.","CARGO":"Conductor","DIRECCIÓN/DEPTO":"Transporte","ESTADO":"PERMANENTE","FECHA INICIO LABORES":"2021-10-15T00:00:00","SALARIO":"700","GASTOS DE REPRESENTACIÓN":"","OTROS SUELDOS":""},{"_id":59,"POSICIÓN":7003,"CÉDULA":"8-508-72","NOMBRE":"Luís H. López","CARGO":"Servicios Generales","DIRECCIÓN/DEPTO":"Transporte","ESTADO":"PERMANENTE","FECHA INICIO LABORES":"2022-04-01T00:00:00","SALARIO":"700","GASTOS DE REPRESENTACIÓN":"","OTROS SUELDOS":""},{"_id":60,"POSICIÓN":7005,"CÉDULA":"8-807-525","NOMBRE":"Esteban Rigoberto Solís ","CARGO":"Conductor de Retro excavadora","DIRECCIÓN/DEPTO":"Transporte","ESTADO":"PERMANENTE","FECHA INICIO LABORES":"2016-01-02T00:00:00","SALARIO":"700","GASTOS DE REPRESENTACIÓN":"","OTROS SUELDOS":""},{"_id":61,"POSICIÓN":7006,"CÉDULA":"8-786-1149","NOMBRE":"José Ángel Pinzón Bernal","CARGO":"Conductor","DIRECCIÓN/DEPTO":"Transporte","ESTADO":"PERMANENTE","FECHA INICIO LABORES":"2023-05-04T00:00:00","SALARIO":"700","GASTOS DE REPRESENTACIÓN":"","OTROS SUELDOS":""},{"_id":62,"POSICIÓN":7007,"CÉDULA":"8-788-882","NOMBRE":"Edgard Bernal","CARGO":"Conductor","DIRECCIÓN/DEPTO":"Transporte","ESTADO":"PERMANENTE","FECHA INICIO LABORES":"2024-08-07T00:00:00","SALARIO":"700","GASTOS DE REPRESENTACIÓN":"","OTROS SUELDOS":""},{"_id":63,"POSICIÓN":7008,"CÉDULA":"8-865-1990","NOMBRE":"Rolando González","CARGO":"Trabajador de Aseo","DIRECCIÓN/DEPTO":"Transporte","ESTADO":"PERMANENTE","FECHA INICIO LABORES":"2024-03-07T00:00:00","SALARIO":"700","GASTOS DE REPRESENTACIÓN":"","OTROS SUELDOS":""},{"_id":64,"POSICIÓN":7009,"CÉDULA":"8-822-630","NOMBRE":"Kelvin Josué Samaniego","CARGO":"Asuntos Comunitarios","DIRECCIÓN/DEPTO":"Transporte","ESTADO":"PERMANENTE","FECHA INICIO LABORES":"2019-07-31T00:00:00","SALARIO":"700","GASTOS DE REPRESENTACIÓN":"","OTROS SUELDOS":""},{"_id":65,"POSICIÓN":7010,"CÉDULA":"8-1002-637","NOMBRE":"Pedro Antonio Hidalgo","CARGO":"Conductor","DIRECCIÓN/DEPTO":"Transporte","ESTADO":"PERMANENTE","FECHA INICIO LABORES":"2020-01-03T00:00:00","SALARIO":"700","GASTOS DE REPRESENTACIÓN":"","OTROS SUELDOS":""},{"_id":66,"POSICIÓN":7011,"CÉDULA":"8-172-629","NOMBRE":"Horacio Garcia","CARGO":"Jefe de Servicios Generales","DIRECCIÓN/DEPTO":"Transporte","ESTADO":"PERMANENTE","FECHA INICIO LABORES":"2025-01-16T00:00:00","SALARIO":"350","GASTOS DE REPRESENTACIÓN":"","OTROS SUELDOS":""},{"_id":67,"POSICIÓN":8002,"CÉDULA":"9-756-1913","NOMBRE":"Justo Humberto Aguilar Martínez","CARGO":"Secretario","DIRECCIÓN/DEPTO":"Administración de Justicia ","ESTADO":"PERMANENTE","FECHA INICIO LABORES":"2023-05-15T00:00:00","SALARIO":"650","GASTOS DE REPRESENTACIÓN":"","OTROS SUELDOS":""},{"_id":68,"POSICIÓN":8003,"CÉDULA":"8-761-314","NOMBRE":"Yexenia L. Torres","CARGO":"Secretaria ","DIRECCIÓN/DEPTO":"Administración de Justicia ","ESTADO":"PERMANENTE","FECHA INICIO LABORES":"2021-04-02T00:00:00","SALARIO":"700","GASTOS DE REPRESENTACIÓN":"","OTROS SUELDOS":""},{"_id":69,"POSICIÓN":8004,"CÉDULA":"2-124-633","NOMBRE":"Digna Castroverde","CARGO":"Jueza de Paz San Carlos","DIRECCIÓN/DEPTO":"Administración de Justicia ","ESTADO":"PERMANENTE","FECHA INICIO LABORES":"2018-02-01T00:00:00","SALARIO":"850","GASTOS DE REPRESENTACIÓN":"","OTROS SUELDOS":""},{"_id":70,"POSICIÓN":8005,"CÉDULA":"8-506-799","NOMBRE":"Yensi O.  Martínez ","CARGO":"Secretaria ","DIRECCIÓN/DEPTO":"Administración de Justicia ","ESTADO":"PERMANENTE","FECHA INICIO LABORES":"2022-03-01T00:00:00","SALARIO":"650","GASTOS DE REPRESENTACIÓN":"","OTROS SUELDOS":""},{"_id":71,"POSICIÓN":8006,"CÉDULA":"8-519-2230","NOMBRE":"Luz Yariela Herrera","CARGO":"Jueza de Paz El Espino","DIRECCIÓN/DEPTO":"Administración de Justicia ","ESTADO":"PERMANENTE","FECHA INICIO LABORES":"2018-02-01T00:00:00","SALARIO":"850","GASTOS DE REPRESENTACIÓN":"","OTROS SUELDOS":""},{"_id":72,"POSICIÓN":8007,"CÉDULA":"8-893-1014","NOMBRE":"Allyson De La Cruz","CARGO":"Secretaria","DIRECCIÓN/DEPTO":"Administración de Justicia ","ESTADO":"PERMANENTE","FECHA INICIO LABORES":"2024-02-09T00:00:00","SALARIO":"650","GASTOS DE REPRESENTACIÓN":"","OTROS SUELDOS":""},{"_id":73,"POSICIÓN":8008,"CÉDULA":"8-770-2366","NOMBRE":"Maribel Rodríguez","CARGO":"Jueza de Paz San José","DIRECCIÓN/DEPTO":"Administración de Justicia ","ESTADO":"PERMANENTE","FECHA INICIO LABORES":"2018-02-01T00:00:00","SALARIO":"850","GASTOS DE REPRESENTACIÓN":"","OTROS SUELDOS":""},{"_id":74,"POSICIÓN":8009,"CÉDULA":"8-481-617","NOMBRE":"Nereida Rodríguez Soto","CARGO":"Secretaria ","DIRECCIÓN/DEPTO":"Administración de Justicia ","ESTADO":"PERMANENTE","FECHA INICIO LABORES":"2024-02-09T00:00:00","SALARIO":"650","GASTOS DE REPRESENTACIÓN":"","OTROS SUELDOS":""},{"_id":75,"POSICIÓN":8010,"CÉDULA":"8-369-536","NOMBRE":"Xenia De La Cruz ","CARGO":"Jueza de Paz El Higo ","DIRECCIÓN/DEPTO":"Administración de Justicia ","ESTADO":"PERMANENTE","FECHA INICIO LABORES":"2021-01-11T00:00:00","SALARIO":"700","GASTOS DE REPRESENTACIÓN":"","OTROS SUELDOS":""},{"_id":76,"POSICIÓN":8011,"CÉDULA":"8-529-634","NOMBRE":"Dianeth De La Cruz","CARGO":"Secretaria","DIRECCIÓN/DEPTO":"Administración de Justicia ","ESTADO":"PERMANENTE","FECHA INICIO LABORES":"2025-01-16T00:00:00","SALARIO":"325","GASTOS DE REPRESENTACIÓN":"","OTROS SUELDOS":""},{"_id":77,"POSICIÓN":8012,"CÉDULA":"8-326-486","NOMBRE":"Doralis Anais De La Cruz","CARGO":"Juez de Paz Nocturna ","DIRECCIÓN/DEPTO":"Administración de Justicia ","ESTADO":"PERMANENTE","FECHA INICIO LABORES":"2021-01-10T00:00:00","SALARIO":"700","GASTOS DE REPRESENTACIÓN":"","OTROS SUELDOS":""},{"_id":78,"POSICIÓN":8013,"CÉDULA":"8-982-247","NOMBRE":"Leslie Sánchez","CARGO":"Secretaria","DIRECCIÓN/DEPTO":"Administración de Justicia ","ESTADO":"PERMANENTE","FECHA INICIO LABORES":"2024-02-07T00:00:00","SALARIO":"650","GASTOS DE REPRESENTACIÓN":"","OTROS SUELDOS":""},{"_id":79,"POSICIÓN":8014,"CÉDULA":"8-721-1661","NOMBRE":"Isaac E. Sánchez","CARGO":"Funcionario De Cumplimiento","DIRECCIÓN/DEPTO":"Administración de Justicia ","ESTADO":"PERMANENTE","FECHA INICIO LABORES":"2021-07-01T00:00:00","SALARIO":"1,000.00","GASTOS DE REPRESENTACIÓN":"","OTROS SUELDOS":""},{"_id":80,"POSICIÓN":8015,"CÉDULA":"8-243-83","NOMBRE":"Agustín Santana Navarro","CARGO":"Oficinista/Notificador","DIRECCIÓN/DEPTO":"Administración de Justicia ","ESTADO":"PERMANENTE","FECHA INICIO LABORES":"2022-07-25T00:00:00","SALARIO":"700","GASTOS DE REPRESENTACIÓN":"","OTROS SUELDOS":""},{"_id":81,"POSICIÓN":1,"CÉDULA":"8-853-417","NOMBRE":"Katherine M. Acevedo S.","CARGO":"Asist.secretaria I","DIRECCIÓN/DEPTO":"Concejo Municipal ","ESTADO":"TRANSITORIO","FECHA INICIO LABORES":"2024-02-07T00:00:00","SALARIO":"650","GASTOS DE REPRESENTACIÓN":"","OTROS SUELDOS":""},{"_id":82,"POSICIÓN":2,"CÉDULA":"8-909-1869","NOMBRE":"Brenda Lisseth Sánchez  Zamora","CARGO":"Asist.secretaria II","DIRECCIÓN/DEPTO":"Concejo Municipal ","ESTADO":"TRANSITORIO","FECHA INICIO LABORES":"2024-02-07T00:00:00","SALARIO":"650","GASTOS DE REPRESENTACIÓN":"","OTROS SUELDOS":""},{"_id":83,"POSICIÓN":3,"CÉDULA":"8-508-502","NOMBRE":"Alexander Pinto","CARGO":"Administrador General","DIRECCIÓN/DEPTO":"Alcaldía  Municipal ","ESTADO":" TRANSITORIO","FECHA INICIO LABORES":"2024-02-07T00:00:00","SALARIO":"2,000.00","GASTOS DE REPRESENTACIÓN":"","OTROS SUELDOS":""},{"_id":84,"POSICIÓN":4,"CÉDULA":"8-821-210","NOMBRE":"Gabriel Salazar","CARGO":"Técnico en Edificación","DIRECCIÓN/DEPTO":"Alcaldía  Municipal ","ESTADO":"TRANSITORIO","FECHA INICIO LABORES":"2024-08-11T00:00:00","SALARIO":"800","GASTOS DE REPRESENTACIÓN":"","OTROS SUELDOS":""},{"_id":85,"POSICIÓN":2003,"CÉDULA":"8-271-579","NOMBRE":"Ruth Reyes","CARGO":"Arquitecta","DIRECCIÓN/DEPTO":"Descentralización","ESTADO":"PERMANENTE","FECHA INICIO LABORES":"2024-09-16T00:00:00","SALARIO":"2,000.00","GASTOS DE REPRESENTACIÓN":"","OTROS SUELDOS":""},{"_id":86,"POSICIÓN":2004,"CÉDULA":"5-701-611","NOMBRE":"Victor Aguilar","CARGO":" Arquitecto/Ingeniero 2 ","DIRECCIÓN/DEPTO":"Descentralización","ESTADO":"PERMANENTE","FECHA INICIO LABORES":"2024-09-16T00:00:00","SALARIO":"1,500.00","GASTOS DE REPRESENTACIÓN":"","OTROS SUELDOS":""},{"_id":87,"POSICIÓN":3002,"CÉDULA":"2-725-1107","NOMBRE":"Idalia Juárez","CARGO":"Técnica en computación","DIRECCIÓN/DEPTO":"Descentralización","ESTADO":"PERMANENTE","FECHA INICIO LABORES":"2024-02-09T00:00:00","SALARIO":"800","GASTOS DE REPRESENTACIÓN":"","OTROS SUELDOS":""}], "fields": [{"id": "_id", "type": "int"}, {"id": "POSICI\u00d3N", "type": "numeric"}, {"id": "C\u00c9DULA", "type": "text"}, {"id": "NOMBRE", "type": "text"}, {"id": "CARGO", "type": "text"}, {"id": "DIRECCI\u00d3N/DEPTO", "type": "text"}, {"id": "ESTADO", "type": "text"}, {"id": "FECHA INICIO LABORES", "type": "timestamp"}, {"id": "SALARIO", "type": "text"}, {"id": "GASTOS DE REPRESENTACI\u00d3N", "type": "text"}, {"id": "OTROS SUELDOS", "type": "text"}], "_links": {"start": "/api/3/action/datastore_search?resource_id=37a01b02-b924-40e4-b0ca-7dd896d99258", "next": "/api/3/action/datastore_search?resource_id=37a01b02-b924-40e4-b0ca-7dd896d99258&offset=100"}, "total": 87, "total_was_estimated": false}}